{"id":3182,"date":"2024-08-23T09:10:08","date_gmt":"2024-08-23T12:10:08","guid":{"rendered":"http:\/\/shoppingfernandopolis.com.br\/?p=3182"},"modified":"2024-08-23T09:10:38","modified_gmt":"2024-08-23T12:10:38","slug":"corrida-vai-comemorar-os-28-anos-do-shopping","status":"publish","type":"post","link":"https:\/\/shoppingfernandopolis.com.br\/?p=3182","title":{"rendered":"CORRIDA VAI COMEMORAR OS 28 ANOS DO SHOPPING"},"content":{"rendered":"<p>No pr\u00f3ximo dia 29 de setembro, o Shopping Center Fernand\u00f3polis realizar\u00e1 a terceira edi\u00e7\u00e3o de sua Corrida de Anivers\u00e1rio. O evento, organizado em parceria com a AFERCAN (Associa\u00e7\u00e3o Fernandopolense de Ciclismo Atletismo e Nata\u00e7\u00e3o), celebra os 28 anos do empreendimento, que ser\u00e1 completado no dia 26 do mesmo m\u00eas.<br \/>\nA expectativa da organiza\u00e7\u00e3o \u00e9 que a corrida deva atrair cerca de 300 corredores, que vir\u00e3o de v\u00e1rias cidades da regi\u00e3o para disputar a prova no domingo de manh\u00e3. Al\u00e9m dos adultos, a prova tamb\u00e9m contar\u00e1 com uma categoria kids, como forma de incentivar a nova gera\u00e7\u00e3o para a pr\u00e1tica esportiva.<br \/>\nOs atletas receber\u00e3o kits para a corrida, com diversos brindes e medalha. Uma grande estrutura ser\u00e1 montada para a realiza\u00e7\u00e3o do evento.<br \/>\nAs inscri\u00e7\u00f5es j\u00e1 est\u00e3o abertas no site da www.tnvteam.com.br.<\/p>\n","protected":false},"excerpt":{"rendered":"<p>No pr\u00f3ximo dia 29 de setembro, o Shopping Center Fernand\u00f3polis realizar\u00e1 a terceira edi\u00e7\u00e3o de sua Corrida de Anivers\u00e1rio. O evento, organizado em parceria com a AFERCAN (Associa\u00e7\u00e3o Fernandopolense de Ciclismo Atletismo e Nata\u00e7\u00e3o), celebra os 28 anos do empreendimento, que ser\u00e1 completado no dia 26 do mesmo m\u00eas. A expectativa da organiza\u00e7\u00e3o \u00e9 que [&hellip;]<\/p>\n","protected":false},"author":2,"featured_media":3183,"comment_status":"closed","ping_status":"closed","sticky":false,"template":"","format":"standard","meta":[],"categories":[9],"tags":[],"_links":{"self":[{"href":"https:\/\/shoppingfernandopolis.com.br\/index.php?rest_route=\/wp\/v2\/posts\/3182"}],"collection":[{"href":"https:\/\/shoppingfernandopolis.com.br\/index.php?rest_route=\/wp\/v2\/posts"}],"about":[{"href":"https:\/\/shoppingfernandopolis.com.br\/index.php?rest_route=\/wp\/v2\/types\/post"}],"author":[{"embeddable":true,"href":"https:\/\/shoppingfernandopolis.com.br\/index.php?rest_route=\/wp\/v2\/users\/2"}],"replies":[{"embeddable":true,"href":"https:\/\/shoppingfernandopolis.com.br\/index.php?rest_route=%2Fwp%2Fv2%2Fcomments&post=3182"}],"version-history":[{"count":1,"href":"https:\/\/shoppingfernandopolis.com.br\/index.php?rest_route=\/wp\/v2\/posts\/3182\/revisions"}],"predecessor-version":[{"id":3184,"href":"https:\/\/shoppingfernandopolis.com.br\/index.php?rest_route=\/wp\/v2\/posts\/3182\/revisions\/3184"}],"wp:featuredmedia":[{"embeddable":true,"href":"https:\/\/shoppingfernandopolis.com.br\/index.php?rest_route=\/wp\/v2\/media\/3183"}],"wp:attachment":[{"href":"https:\/\/shoppingfernandopolis.com.br\/index.php?rest_route=%2Fwp%2Fv2%2Fmedia&parent=3182"}],"wp:term":[{"taxonomy":"category","embeddable":true,"href":"https:\/\/shoppingfernandopolis.com.br\/index.php?rest_route=%2Fwp%2Fv2%2Fcategories&post=3182"},{"taxonomy":"post_tag","embeddable":true,"href":"https:\/\/shoppingfernandopolis.com.br\/index.php?rest_route=%2Fwp%2Fv2%2Ftags&post=3182"}],"curies":[{"name":"wp","href":"https:\/\/api.w.org\/{rel}","templated":true}]}}